{"id":481,"date":"2015-04-23T12:18:02","date_gmt":"2015-04-23T12:18:02","guid":{"rendered":"http:\/\/3.64.173.43\/?page_id=481"},"modified":"2025-02-01T16:08:59","modified_gmt":"2025-02-01T15:08:59","slug":"facebookanalysen-2012","status":"publish","type":"post","link":"https:\/\/analysedanmark.dk\/en\/facebookanalysen-2012\/","title":{"rendered":"Facebookanalysen 2012"},"content":{"rendered":"<h1>Facebookanalysen 2012<\/h1>\n<p>&nbsp;<\/p>\n<h4>Med Facebookanalysen 2012 f\u00e5s essentielle indsigter i Facebook-universet f.eks. om Facebook-brugernes vaner, adf\u00e6rd og holdninger b\u00e5de helt generelt og i forhold til virksomheder, som agerer p\u00e5 mediet.<\/h4>\n<p>&nbsp;<\/p>\n<p><strong>Indhold<\/strong><\/p>\n<ul>\n<li>Frekvens-og krydstabeller i Excel. Samtlige sp\u00f8rgsm\u00e5l opdelt p\u00e5 forskellige demografiske variable (f.eks. k\u00f8n og alder) samt brug af Facebook, avisl\u00e6sning og om man \u201dsynes godt om\u201d virksomheder.<\/li>\n<li>\u00c5bne besvarelser (f.eks. svar p\u00e5 hvad der for Facebook-brugere til at klikke \u201dSynes godt om\u201d til virksomheder).<\/li>\n<\/ul>\n<p>&nbsp;<\/p>\n<p><strong>Om unders\u00f8gelsen<\/strong><\/p>\n<ul>\n<li>Facebookanalysen er baseret p\u00e5 en panelunders\u00f8gelse i aldersgruppen 16-70. Stikpr\u00f8ven er udtrukket tilf\u00e6ldig stratificeret p\u00e5 k\u00f8n, alder og geografi (region), s\u00e5 den afspejler befolkningssammens\u00e6tningen p\u00e5 disse parametre. Resultaterne er efterstratificeret p\u00e5 k\u00f8n, alder og region i hht. Danmarks Statistiks fordelinger. Unders\u00f8gelsen er gennemf\u00f8rt i perioden 6. november til 13. november 2012.<\/li>\n<li>Svar p\u00e5 mere end 30 sp\u00f8rgsm\u00e5l fra 1.000 respondenter (heraf 813 brugere af Facebook).<\/li>\n<\/ul>\n<p>&nbsp;<\/p>\n<p><strong>Pris<\/strong><\/p>\n<ul>\n<li>Facebookanalysen 2012 koster 1.500 kr. ekskl. moms. Ved k\u00f8b f\u00e5r du ligeledes Analyse Danmarks pr\u00e6sentation fra Probana&#8217;s Social Media og Facebookkonference.<\/li>\n<\/ul>","protected":false},"excerpt":{"rendered":"<p>Facebookanalysen 2012 &nbsp; Med Facebookanalysen 2012 f\u00e5s essentielle indsigter i Facebook-universet f.eks. om Facebook-brugernes vaner, adf\u00e6rd og holdninger b\u00e5de helt generelt og i forhold til virksomheder, som agerer p\u00e5 mediet. &nbsp; Indhold Frekvens-og krydstabeller i Excel. Samtlige sp\u00f8rgsm\u00e5l opdelt p\u00e5 forskellige demografiske variable (f.eks. k\u00f8n og alder) samt brug af Facebook, avisl\u00e6sning og om man &#8230; <\/p>\n<p class=\"read-more-container\"><a title=\"Facebookanalysen 2012\" class=\"read-more button\" href=\"https:\/\/analysedanmark.dk\/en\/facebookanalysen-2012\/#more-481\" aria-label=\"Read more about Facebookanalysen 2012\">Read more<\/a><\/p>","protected":false},"author":4,"featured_media":0,"comment_status":"closed","ping_status":"open","sticky":false,"template":"","format":"standard","meta":{"_acf_changed":false,"footnotes":""},"categories":[],"tags":[],"class_list":["post-481","post","type-post","status-publish","format-standard","hentry"],"acf":[],"_links":{"self":[{"href":"https:\/\/analysedanmark.dk\/en\/wp-json\/wp\/v2\/posts\/481","targetHints":{"allow":["GET"]}}],"collection":[{"href":"https:\/\/analysedanmark.dk\/en\/wp-json\/wp\/v2\/posts"}],"about":[{"href":"https:\/\/analysedanmark.dk\/en\/wp-json\/wp\/v2\/types\/post"}],"author":[{"embeddable":true,"href":"https:\/\/analysedanmark.dk\/en\/wp-json\/wp\/v2\/users\/4"}],"replies":[{"embeddable":true,"href":"https:\/\/analysedanmark.dk\/en\/wp-json\/wp\/v2\/comments?post=481"}],"version-history":[{"count":1,"href":"https:\/\/analysedanmark.dk\/en\/wp-json\/wp\/v2\/posts\/481\/revisions"}],"predecessor-version":[{"id":190756,"href":"https:\/\/analysedanmark.dk\/en\/wp-json\/wp\/v2\/posts\/481\/revisions\/190756"}],"wp:attachment":[{"href":"https:\/\/analysedanmark.dk\/en\/wp-json\/wp\/v2\/media?parent=481"}],"wp:term":[{"taxonomy":"category","embeddable":true,"href":"https:\/\/analysedanmark.dk\/en\/wp-json\/wp\/v2\/categories?post=481"},{"taxonomy":"post_tag","embeddable":true,"href":"https:\/\/analysedanmark.dk\/en\/wp-json\/wp\/v2\/tags?post=481"}],"curies":[{"name":"wp","href":"https:\/\/api.w.org\/{rel}","templated":true}]}}