{"id":44264,"date":"2018-05-07T04:49:00","date_gmt":"2018-05-07T02:49:00","guid":{"rendered":"https:\/\/analysedanmark.stage.heyrobot.com\/?p=44264"},"modified":"2025-02-01T18:04:23","modified_gmt":"2025-02-01T17:04:23","slug":"kunderne-vinker-farvel-til-danske-bank-de-er-utilfredse-med-bankens-vaerdigrundlag","status":"publish","type":"post","link":"https:\/\/analysedanmark.dk\/en\/kunderne-vinker-farvel-til-danske-bank-de-er-utilfredse-med-bankens-vaerdigrundlag\/","title":{"rendered":"Customers wave goodbye to Danske Bank: They are dissatisfied with the bank's core values"},"content":{"rendered":"<h4 class=\"wp-block-heading\">Analyse Danmarks \u00e5rlige udgivelse, Bankanalysen, som udgives primo juni 2018, viser bl.a. at Danske Bank har den st\u00f8rste andel af frafaldne kunder, som angiver \u201cv\u00e6rdigrundlaget\u201d, som grund til bankskifte<\/h4>\n\n\n\n<p>Hos Danske Bank erkender man, at omd\u00f8mmet har f\u00e5et nogle slag. I et mailsvar til B\u00f8rsen skriver Kenni Leth, pressechef fra Danske Bank, at \u00bbdet er klart, at sagen om vores filial i Estland ikke bidrager positivt til opfattelsen af Danske Bank.\u00ab<\/p>\n\n\n\n<p>Read more at&nbsp;<a href=\"https:\/\/www.business.dk\/okonomi\/kunderne-vinker-farvel-til-danske-bank-de-er-utilfredse-med-bankens\" target=\"_blank\" rel=\"noreferrer noopener nofollow\">business.com<\/a><\/p>","protected":false},"excerpt":{"rendered":"<p>Analyse Danmarks \u00e5rlige udgivelse, Bankanalysen, som udgives primo juni 2018, viser bl.a. at Danske Bank har den st\u00f8rste andel af frafaldne kunder, som angiver \u201cv\u00e6rdigrundlaget\u201d, som grund til bankskifte Hos Danske Bank erkender man, at omd\u00f8mmet har f\u00e5et nogle slag. I et mailsvar til B\u00f8rsen skriver Kenni Leth, pressechef fra Danske Bank, at \u00bbdet er &#8230; <\/p>\n<p class=\"read-more-container\"><a title=\"Customers wave goodbye to Danske Bank: They are dissatisfied with the bank&#039;s core values\" class=\"read-more button\" href=\"https:\/\/analysedanmark.dk\/en\/kunderne-vinker-farvel-til-danske-bank-de-er-utilfredse-med-bankens-vaerdigrundlag\/#more-44264\" aria-label=\"Read more about Kunderne vinker farvel til Danske Bank: De er utilfredse med bankens v\u00e6rdigrundlag\">Read more<\/a><\/p>","protected":false},"author":4,"featured_media":0,"comment_status":"closed","ping_status":"closed","sticky":false,"template":"","format":"standard","meta":{"_acf_changed":false,"footnotes":""},"categories":[3],"tags":[],"class_list":["post-44264","post","type-post","status-publish","format-standard","hentry","category-generelt"],"acf":[],"_links":{"self":[{"href":"https:\/\/analysedanmark.dk\/en\/wp-json\/wp\/v2\/posts\/44264","targetHints":{"allow":["GET"]}}],"collection":[{"href":"https:\/\/analysedanmark.dk\/en\/wp-json\/wp\/v2\/posts"}],"about":[{"href":"https:\/\/analysedanmark.dk\/en\/wp-json\/wp\/v2\/types\/post"}],"author":[{"embeddable":true,"href":"https:\/\/analysedanmark.dk\/en\/wp-json\/wp\/v2\/users\/4"}],"replies":[{"embeddable":true,"href":"https:\/\/analysedanmark.dk\/en\/wp-json\/wp\/v2\/comments?post=44264"}],"version-history":[{"count":1,"href":"https:\/\/analysedanmark.dk\/en\/wp-json\/wp\/v2\/posts\/44264\/revisions"}],"predecessor-version":[{"id":44265,"href":"https:\/\/analysedanmark.dk\/en\/wp-json\/wp\/v2\/posts\/44264\/revisions\/44265"}],"wp:attachment":[{"href":"https:\/\/analysedanmark.dk\/en\/wp-json\/wp\/v2\/media?parent=44264"}],"wp:term":[{"taxonomy":"category","embeddable":true,"href":"https:\/\/analysedanmark.dk\/en\/wp-json\/wp\/v2\/categories?post=44264"},{"taxonomy":"post_tag","embeddable":true,"href":"https:\/\/analysedanmark.dk\/en\/wp-json\/wp\/v2\/tags?post=44264"}],"curies":[{"name":"wp","href":"https:\/\/api.w.org\/{rel}","templated":true}]}}