{"id":44238,"date":"2017-09-29T04:41:00","date_gmt":"2017-09-29T02:41:00","guid":{"rendered":"https:\/\/analysedanmark.stage.heyrobot.com\/?p=44238"},"modified":"2024-12-19T05:03:52","modified_gmt":"2024-12-19T04:03:52","slug":"kvinder-udoever-mere-vold-mod-boern-end-danskerne-tror","status":"publish","type":"post","link":"https:\/\/analysedanmark.dk\/en\/kvinder-udoever-mere-vold-mod-boern-end-danskerne-tror\/","title":{"rendered":"Kvinder ud\u00f8ver mere vold mod b\u00f8rn end danskerne tror"},"content":{"rendered":"<h4 class=\"wp-block-heading\">Mum and dad are equally at fault when children are exposed to serious domestic violence. But two out of three Danes believe that it is usually the father who is responsible, according to a new study from Analyse Danmark.<\/h4>\n\n\n\n<p>The widespread perception is that it is the man who is the perpetrator of violence in the family. This is according to a new survey conducted by Analyse Danmark for Save the Children. In it, 64 per cent of Danes - or almost two out of three - say they believe that it is more often or much more often the father than the mother who perpetrates serious violence such as hitting and kicking children.<\/p>\n\n\n\n<p>Read more at&nbsp;<a href=\"https:\/\/redbarnet.dk\/nyheder\/kvinder-udoever-mere-vold-mod-boern-end-danskerne-tror\/\" target=\"_blank\" rel=\"noreferrer noopener nofollow\">redbarnet.dk<\/a><\/p>","protected":false},"excerpt":{"rendered":"<p>Mor og far er lige gode om det, n\u00e5r b\u00f8rn uds\u00e6ttes for grov vold i hjemmet. Men to ud af tre danskere tror, at det oftest er faren, der st\u00e5r bag, viser en ny unders\u00f8gelse fra Analyse Danmark. Den udbredte forestilling er nemlig, at det er manden, der er ud\u00f8veren af vold i familien. Det &#8230; <\/p>\n<p class=\"read-more-container\"><a title=\"Kvinder ud\u00f8ver mere vold mod b\u00f8rn end danskerne tror\" class=\"read-more button\" href=\"https:\/\/analysedanmark.dk\/en\/kvinder-udoever-mere-vold-mod-boern-end-danskerne-tror\/#more-44238\" aria-label=\"Read more about Kvinder ud\u00f8ver mere vold mod b\u00f8rn end danskerne tror\">Read more<\/a><\/p>","protected":false},"author":4,"featured_media":0,"comment_status":"closed","ping_status":"closed","sticky":false,"template":"","format":"standard","meta":{"_acf_changed":false,"footnotes":""},"categories":[3],"tags":[],"class_list":["post-44238","post","type-post","status-publish","format-standard","hentry","category-generelt"],"acf":[],"_links":{"self":[{"href":"https:\/\/analysedanmark.dk\/en\/wp-json\/wp\/v2\/posts\/44238","targetHints":{"allow":["GET"]}}],"collection":[{"href":"https:\/\/analysedanmark.dk\/en\/wp-json\/wp\/v2\/posts"}],"about":[{"href":"https:\/\/analysedanmark.dk\/en\/wp-json\/wp\/v2\/types\/post"}],"author":[{"embeddable":true,"href":"https:\/\/analysedanmark.dk\/en\/wp-json\/wp\/v2\/users\/4"}],"replies":[{"embeddable":true,"href":"https:\/\/analysedanmark.dk\/en\/wp-json\/wp\/v2\/comments?post=44238"}],"version-history":[{"count":1,"href":"https:\/\/analysedanmark.dk\/en\/wp-json\/wp\/v2\/posts\/44238\/revisions"}],"predecessor-version":[{"id":44239,"href":"https:\/\/analysedanmark.dk\/en\/wp-json\/wp\/v2\/posts\/44238\/revisions\/44239"}],"wp:attachment":[{"href":"https:\/\/analysedanmark.dk\/en\/wp-json\/wp\/v2\/media?parent=44238"}],"wp:term":[{"taxonomy":"category","embeddable":true,"href":"https:\/\/analysedanmark.dk\/en\/wp-json\/wp\/v2\/categories?post=44238"},{"taxonomy":"post_tag","embeddable":true,"href":"https:\/\/analysedanmark.dk\/en\/wp-json\/wp\/v2\/tags?post=44238"}],"curies":[{"name":"wp","href":"https:\/\/api.w.org\/{rel}","templated":true}]}}