{"id":3455,"date":"2018-05-28T13:53:38","date_gmt":"2018-05-28T13:53:38","guid":{"rendered":"http:\/\/3.64.173.43\/?page_id=3455"},"modified":"2025-02-01T18:04:23","modified_gmt":"2025-02-01T17:04:23","slug":"regeringens-energiudspil","status":"publish","type":"post","link":"https:\/\/analysedanmark.dk\/en\/regeringens-energiudspil\/","title":{"rendered":"The government's energy proposal"},"content":{"rendered":"<p><strong>Danskerne s\u00e5 gerne et mere ambiti\u00f8st energiudspil<\/strong><\/p>\n<p>P\u00e5 sp\u00f8rgsm\u00e5let \u201dRegeringen har for nyligt fremlagt et nyt energiudspil for 2021-30. Synes du, at Regeringens udspil er ambiti\u00f8st eller uambiti\u00f8st?\u201d svarer 17% \u201dAmbiti\u00f8st\u201d, mens 37% svarer \u201dUambiti\u00f8st\u201d. 46% svarer \u201dVed ikke\u201d. Det er kun blandt Venstres v\u00e6lgere, at flere svarer \u201dAmbiti\u00f8st\u201d (35%) end \u201dUambiti\u00f8st\u201d (19%). Det skal dog siges, at de mange \u201dVed ikke\u201d tyder p\u00e5, at danskerne har sv\u00e6rt ved at gennemskue, hvad regeringens udspil egentlig vil betyde.<\/p>\n<p><img loading=\"lazy\" decoding=\"async\" class=\"alignright size-full wp-image-3458\" src=\"https:\/\/analysedanmark.dk\/wp-content\/uploads\/2018\/05\/Skaermbillede-2018-05-28-kl.-15.50.22.png\" alt=\"\" width=\"1604\" height=\"984\" srcset=\"https:\/\/analysedanmark.dk\/wp-content\/uploads\/2018\/05\/Skaermbillede-2018-05-28-kl.-15.50.22.png 1604w, https:\/\/analysedanmark.dk\/wp-content\/uploads\/2018\/05\/Skaermbillede-2018-05-28-kl.-15.50.22-640x393.png 640w, https:\/\/analysedanmark.dk\/wp-content\/uploads\/2018\/05\/Skaermbillede-2018-05-28-kl.-15.50.22-1280x785.png 1280w, https:\/\/analysedanmark.dk\/wp-content\/uploads\/2018\/05\/Skaermbillede-2018-05-28-kl.-15.50.22-768x471.png 768w, https:\/\/analysedanmark.dk\/wp-content\/uploads\/2018\/05\/Skaermbillede-2018-05-28-kl.-15.50.22-1536x942.png 1536w\" sizes=\"auto, (max-width: 1604px) 100vw, 1604px\" \/><\/p>\n<p>&nbsp;<\/p>\n<p>&nbsp;<\/p>\n<p>Til geng\u00e6ld er 46% er helt eller delvist enige i, at \u00f8konomisk v\u00e6kst er en foruds\u00e6tning for gr\u00f8n omstilling. 36% er helt eller delvist uenige. 18% svarer ved ikke.<\/p>\n<p><img loading=\"lazy\" decoding=\"async\" class=\"alignright size-full wp-image-3459\" src=\"https:\/\/analysedanmark.dk\/wp-content\/uploads\/2018\/05\/Skaermbillede-2018-05-28-kl.-15.51.54.png\" alt=\"\" div.fullwidth=\"\" {=\"\" width:=\"\" 100%;=\"\" }=\"\" width=\"1636\" height=\"1096\" srcset=\"https:\/\/analysedanmark.dk\/wp-content\/uploads\/2018\/05\/Skaermbillede-2018-05-28-kl.-15.51.54.png 1636w, https:\/\/analysedanmark.dk\/wp-content\/uploads\/2018\/05\/Skaermbillede-2018-05-28-kl.-15.51.54-640x429.png 640w, https:\/\/analysedanmark.dk\/wp-content\/uploads\/2018\/05\/Skaermbillede-2018-05-28-kl.-15.51.54-1280x858.png 1280w, https:\/\/analysedanmark.dk\/wp-content\/uploads\/2018\/05\/Skaermbillede-2018-05-28-kl.-15.51.54-360x240.png 360w, https:\/\/analysedanmark.dk\/wp-content\/uploads\/2018\/05\/Skaermbillede-2018-05-28-kl.-15.51.54-768x515.png 768w, https:\/\/analysedanmark.dk\/wp-content\/uploads\/2018\/05\/Skaermbillede-2018-05-28-kl.-15.51.54-1536x1029.png 1536w\" sizes=\"auto, (max-width: 1636px) 100vw, 1636px\" \/><\/p>\n<p>&nbsp;<\/p>\n<p>&#8212;&#8212;&#8212;&#8212;&#8212;&#8212;&#8212;&#8212;&#8212;&#8212;&#8212;&#8212;&#8212;&#8212;&#8212;&#8212;&#8212;&#8212;&#8212;&#8212;&#8212;&#8212;&#8212;&#8212;&#8212;&#8212;&#8212;&#8212;&#8212;&#8212;&#8212;&#8212;&#8212;-<\/p>\n<p>Unders\u00f8gelsen er gennemf\u00f8rt via Analyse Danmarks onlinepanel, DK-Panelet blandt personer over 18 \u00e5r i perioden 18. maj til 24. maj. Data er v\u00e6gtet p\u00e5 stemmeafgivelse ved FV15 samt k\u00f8n, alder og region i hht. Danmarks Statistiks fordelinger.<\/p>\n<p>Ved offentligg\u00f8relse skal Analyse Danmark angives som kilde.<\/p>","protected":false},"excerpt":{"rendered":"<p>Danskerne s\u00e5 gerne et mere ambiti\u00f8st energiudspil P\u00e5 sp\u00f8rgsm\u00e5let \u201dRegeringen har for nyligt fremlagt et nyt energiudspil for 2021-30. Synes du, at Regeringens udspil er ambiti\u00f8st eller uambiti\u00f8st?\u201d svarer 17% \u201dAmbiti\u00f8st\u201d, mens 37% svarer \u201dUambiti\u00f8st\u201d. 46% svarer \u201dVed ikke\u201d. Det er kun blandt Venstres v\u00e6lgere, at flere svarer \u201dAmbiti\u00f8st\u201d (35%) end \u201dUambiti\u00f8st\u201d (19%). Det skal &#8230; <\/p>\n<p class=\"read-more-container\"><a title=\"The government&#039;s energy proposal\" class=\"read-more button\" href=\"https:\/\/analysedanmark.dk\/en\/regeringens-energiudspil\/#more-3455\" aria-label=\"Read more about Regeringens energiudspil\">Read more<\/a><\/p>","protected":false},"author":4,"featured_media":0,"comment_status":"closed","ping_status":"closed","sticky":false,"template":"","format":"standard","meta":{"_acf_changed":false,"footnotes":""},"categories":[3],"tags":[],"class_list":["post-3455","post","type-post","status-publish","format-standard","hentry","category-generelt"],"acf":[],"_links":{"self":[{"href":"https:\/\/analysedanmark.dk\/en\/wp-json\/wp\/v2\/posts\/3455","targetHints":{"allow":["GET"]}}],"collection":[{"href":"https:\/\/analysedanmark.dk\/en\/wp-json\/wp\/v2\/posts"}],"about":[{"href":"https:\/\/analysedanmark.dk\/en\/wp-json\/wp\/v2\/types\/post"}],"author":[{"embeddable":true,"href":"https:\/\/analysedanmark.dk\/en\/wp-json\/wp\/v2\/users\/4"}],"replies":[{"embeddable":true,"href":"https:\/\/analysedanmark.dk\/en\/wp-json\/wp\/v2\/comments?post=3455"}],"version-history":[{"count":1,"href":"https:\/\/analysedanmark.dk\/en\/wp-json\/wp\/v2\/posts\/3455\/revisions"}],"predecessor-version":[{"id":190742,"href":"https:\/\/analysedanmark.dk\/en\/wp-json\/wp\/v2\/posts\/3455\/revisions\/190742"}],"wp:attachment":[{"href":"https:\/\/analysedanmark.dk\/en\/wp-json\/wp\/v2\/media?parent=3455"}],"wp:term":[{"taxonomy":"category","embeddable":true,"href":"https:\/\/analysedanmark.dk\/en\/wp-json\/wp\/v2\/categories?post=3455"},{"taxonomy":"post_tag","embeddable":true,"href":"https:\/\/analysedanmark.dk\/en\/wp-json\/wp\/v2\/tags?post=3455"}],"curies":[{"name":"wp","href":"https:\/\/api.w.org\/{rel}","templated":true}]}}